{"id":129,"date":"2019-11-17T14:03:30","date_gmt":"2019-11-17T14:03:30","guid":{"rendered":"http:\/\/kbcgg.de\/?p=129"},"modified":"2021-05-16T16:24:56","modified_gmt":"2021-05-16T16:24:56","slug":"treffen-2020","status":"publish","type":"post","link":"https:\/\/kbcgg.de\/?p=129","title":{"rendered":"Treffen 2020"},"content":{"rendered":"\n<figure class=\"wp-block-table\"><table><tbody><tr><td>Termin<\/td><td><\/td><td>Veranstaltung<\/td><td>Ort<\/td><\/tr><tr><td>von<\/td><td>bis<\/td><td><\/td><td><\/td><\/tr><tr><td><\/td><td><\/td><td><\/td><td><\/td><\/tr><tr><td>11.01.2020<\/td><td>12.01.2020<\/td><td>VW K\u00e4fer &amp; VW Veteranenwintershow&nbsp;<\/td><td>32051 Herford, B\u00fcnder Str. 2<\/td><\/tr><tr><td>21.03.2020<\/td><td>22.03.2020<\/td><td>VolksWorld Show<\/td><td>f\u00e4llt aus!<\/td><\/tr><tr><td>25.04.2020<\/td><td>26.04.2020<\/td><td>Meeting de Talloires 2020<\/td><td>Talloires, France<\/td><\/tr><tr><td>26.04.2020<\/td><td><\/td><td> 8. Pfungst\u00e4dter RTCE-Oldtimertreff <\/td><td>f\u00e4llt aus!<\/td><\/tr><tr><td>01.05.2020<\/td><td><\/td><td>Maik\u00e4fertreffen<\/td><td>f\u00e4llt aus!<\/td><\/tr><tr><td>03.05.2020<\/td><td><\/td><td>K\u00e4fer am Mainkai<\/td><td>f\u00e4llt aus!<\/td><\/tr><tr><td>08.05.2020<\/td><td>10.05.2020<\/td><td>Beetle at the beach<\/td><td>f\u00e4llt aus!<\/td><\/tr><tr><td>16.05.2020<\/td><td><\/td><td>Luftkraft Dyno Day #10<\/td><td>f\u00e4llt aus!<\/td><\/tr><tr><td>17.05.2020<\/td><td><\/td><td>12. K\u00e4ferplage Obernburg<\/td><td>f\u00e4llt aus!<\/td><\/tr><tr><td>21.05.2020<\/td><td>23.05.2020<\/td><td>15. K\u00e4fer- &amp; Oldtimertreffen<\/td><td>f\u00e4llt aus!<\/td><\/tr><tr><td>22.05.2020<\/td><td>24.05.2020<\/td><td>15\u00e8me Molsheim Cox Show<\/td><td>f\u00e4llt aus!<\/td><\/tr><tr><td>28.05.2020<\/td><td>31.05.2020<\/td><td>Bugaloo 6 VW festival 2020<\/td><td>f\u00e4llt aus!<\/td><\/tr><tr><td>29.05.2020<\/td><td>31.05.2020<\/td><td>13. VW Luftgek\u00fchlten Treffen f\u00fcr K\u00e4fer, Bus &amp; Co<\/td><td>f\u00e4llt aus!<\/td><\/tr><tr><td>29.05.2020<\/td><td>01.06.2020<\/td><td>IBW 2020 in Rendsburg<\/td><td>f\u00e4llt aus!<\/td><\/tr><tr><td>30.05.2020<\/td><td>31.05.2020<\/td><td>Bugs&#8217;s Beer&amp;Badeanstalt 2020<\/td><td>Stromberg<\/td><\/tr><tr><td>05.06.2020<\/td><td>07.06.2020<\/td><td>Ferdinands Festival<\/td><td>Stausee Oberwald, 09337 Callenberg<\/td><\/tr><tr><td>11.06.2020<\/td><td>14.06.2020<\/td><td>3. Buggycamp der Ruhrpott Buggys<\/td><td>f\u00e4llt aus!<\/td><\/tr><tr><td>12.06.2020<\/td><td>14.06.2020<\/td><td>Gr\u00e6nsetr\u00e6f 2020 &#8211; Buggy Team Syd<\/td><td>f\u00e4llt aus!<\/td><\/tr><tr><td>12.06.2020<\/td><td>14.06.2020<\/td><td>30. K\u00e4fertreffen der K\u00e4ferfreunde Bayerwald e.V.<\/td><td>f\u00e4llt aus!<\/td><\/tr><tr><td>13.06.2020<\/td><td>14.06.2020<\/td><td>Aircooled Race Weekend, VW Action + Speed<\/td><td>Racepark Meppen<\/td><\/tr><tr><td>19.06.2020<\/td><td>21.06.2020<\/td><td>IKW Wanroij<\/td><td>f\u00e4llt aus!<\/td><\/tr><tr><td>26.06.2020<\/td><td>28.06.2020<\/td><td>Buggytreffen Filisur 2020<\/td><td>f\u00e4llt aus!<\/td><\/tr><tr><td>26.06.2020<\/td><td>28.06.2020<\/td><td>13. internationales Alpe-Adria VW K\u00e4fer Treffen<\/td><td>f\u00e4llt aus!<\/td><\/tr><tr><td>02.07.2020<\/td><td>05.07.2020<\/td><td>Legendary International VW Meeting #35<\/td><td>Staggia Senese, Italien<\/td><\/tr><tr><td>10.07.2020<\/td><td>12.07.2020<\/td><td>K\u00e4fertreffen Gera 2020<\/td><td>Gro\u00dfsaara<\/td><\/tr><tr><td>17.07.2020<\/td><td>19.07.2020<\/td><td>16. Internationales K\u00e4fertreffen<\/td><td>f\u00e4llt aus!<\/td><\/tr><tr><td>17.07.2020<\/td><td>19.07.2020<\/td><td>16. K\u00e4fer&amp;Co Treffen der Wildeshauser K\u00e4ferkumpels<\/td><td>Gro\u00dfenkneten<\/td><\/tr><tr><td>19.07.2020<\/td><td><\/td><td>32. Steintrib\u00fcnen-treffen<\/td><td>f\u00e4llt aus!<\/td><\/tr><tr><td>24.07.2020<\/td><td>26.07.2020<\/td><td>10. K\u00fcstendrive 2020<\/td><td>f\u00e4llt aus!<\/td><\/tr><tr><td>24.07.2020<\/td><td>26.07.2020<\/td><td>BugJam 34<\/td><td>Santa Pod Raceway<\/td><\/tr><tr><td>31.07.2020<\/td><td>02.08.2020<\/td><td>Deichboxer Ostfriesland<\/td><td>f\u00e4llt aus!<\/td><\/tr><tr><td>07.08.2020<\/td><td>09.08.2020<\/td><td>Buggyparty im Werk 23<\/td><td>f\u00e4llt aus!<\/td><\/tr><tr><td>07.08.2020<\/td><td>09.08.2020<\/td><td>18. Internationales K\u00e4fertreffen des KCO<\/td><td>f\u00e4llt aus!<\/td><\/tr><tr><td>08.08.2020<\/td><td>09.08.2020<\/td><td>Bug Show 2020<\/td><td>f\u00e4llt aus!<\/td><\/tr><tr><td>14.08.2020<\/td><td>16.08.2020<\/td><td>Friesl\u00e4nder Luftboxer Treffen 2020<\/td><td>Wilhelmshaven<\/td><\/tr><tr><td>21.08.2020<\/td><td>23.08.2020<\/td><td>6. Treffen der Blunas am Edersee<\/td><td>V\u00f6hl<\/td><\/tr><tr><td>28.08.2020<\/td><td>30.08.2020<\/td><td>BCS Ticino Tessin 2020<\/td><td>Camping &#8222;Melezza&#8220; Losone Tessin<\/td><\/tr><tr><td>04.09.2020<\/td><td>06.09.2020<\/td><td>15. Back to the Roots<\/td><td>f\u00e4llt aus!<\/td><\/tr><tr><td><\/td><td><\/td><td><\/td><td><\/td><\/tr><tr><td><\/td><td><\/td><td><\/td><td><\/td><\/tr><tr><td>21.05.2021<\/td><td>24.05.2021<\/td><td>IBW 2021&nbsp;<\/td><td>f\u00e4llt aus!<\/td><\/tr><tr><td>25.06.2021<\/td><td>27.06.2021<\/td><td>Buggytreffen Filisur<\/td><td>CAMPINGISLAS Filisur, Schweiz<\/td><\/tr><tr><td>16.07.2021<\/td><td>18.07.2021<\/td><td>20. M\u00fchlheimer Oldtimer Day&#8217;s<\/td><td>M\u00fchlheim<\/td><\/tr><tr><td>23.07.2021<\/td><td>26.07.2021<\/td><td>K\u00e4fer- und Buggytreffen Gro\u00df-Gerau<\/td><td>f\u00e4llt aus!<br><\/td><\/tr><tr><td>03.09.2021<\/td><td>06.09.2021<\/td><td>Buggytreffen auf Texel<\/td><td>Texel<\/td><\/tr><\/tbody><\/table><\/figure>\n","protected":false},"excerpt":{"rendered":"<p>Termin Veranstaltung Ort von bis 11.01.2020 12.01.2020 VW K\u00e4fer &amp; VW Veteranenwintershow&nbsp; 32051 Herford, B\u00fcnder Str. 2 21.03.2020 22.03.2020 VolksWorld Show f\u00e4llt aus! 25.04.2020 26.04.2020 Meeting de Talloires 2020 Talloires, France 26.04.2020 8. Pfungst\u00e4dter RTCE-Oldtimertreff f\u00e4llt aus! 01.05.2020 Maik\u00e4fertreffen f\u00e4llt aus! 03.05.2020 K\u00e4fer am Mainkai f\u00e4llt aus! 08.05.2020 10.05.2020 Beetle at the beach f\u00e4llt aus! &hellip; <\/p>\n<p class=\"link-more\"><a href=\"https:\/\/kbcgg.de\/?p=129\" class=\"more-link\"><span class=\"screen-reader-text\">\u201eTreffen 2020\u201c<\/span> weiterlesen<\/a><\/p>\n","protected":false},"author":1,"featured_media":0,"comment_status":"open","ping_status":"open","sticky":false,"template":"","format":"standard","meta":{"footnotes":""},"categories":[1],"tags":[],"class_list":["post-129","post","type-post","status-publish","format-standard","hentry","category-uncategorized"],"_links":{"self":[{"href":"https:\/\/kbcgg.de\/index.php?rest_route=\/wp\/v2\/posts\/129","targetHints":{"allow":["GET"]}}],"collection":[{"href":"https:\/\/kbcgg.de\/index.php?rest_route=\/wp\/v2\/posts"}],"about":[{"href":"https:\/\/kbcgg.de\/index.php?rest_route=\/wp\/v2\/types\/post"}],"author":[{"embeddable":true,"href":"https:\/\/kbcgg.de\/index.php?rest_route=\/wp\/v2\/users\/1"}],"replies":[{"embeddable":true,"href":"https:\/\/kbcgg.de\/index.php?rest_route=%2Fwp%2Fv2%2Fcomments&post=129"}],"version-history":[{"count":42,"href":"https:\/\/kbcgg.de\/index.php?rest_route=\/wp\/v2\/posts\/129\/revisions"}],"predecessor-version":[{"id":211,"href":"https:\/\/kbcgg.de\/index.php?rest_route=\/wp\/v2\/posts\/129\/revisions\/211"}],"wp:attachment":[{"href":"https:\/\/kbcgg.de\/index.php?rest_route=%2Fwp%2Fv2%2Fmedia&parent=129"}],"wp:term":[{"taxonomy":"category","embeddable":true,"href":"https:\/\/kbcgg.de\/index.php?rest_route=%2Fwp%2Fv2%2Fcategories&post=129"},{"taxonomy":"post_tag","embeddable":true,"href":"https:\/\/kbcgg.de\/index.php?rest_route=%2Fwp%2Fv2%2Ftags&post=129"}],"curies":[{"name":"wp","href":"https:\/\/api.w.org\/{rel}","templated":true}]}}