{"id":213,"date":"2023-03-04T12:54:41","date_gmt":"2023-03-04T12:54:41","guid":{"rendered":"http:\/\/kbcgg.de\/?p=213"},"modified":"2023-03-04T12:54:41","modified_gmt":"2023-03-04T12:54:41","slug":"treffen-2023","status":"publish","type":"post","link":"https:\/\/kbcgg.de\/?p=213","title":{"rendered":"Treffen 2023"},"content":{"rendered":"\n<div class=\"wp-block-columns is-layout-flex wp-container-core-columns-is-layout-2 wp-block-columns-is-layout-flex\">\n<div class=\"wp-block-column is-layout-flow wp-block-column-is-layout-flow\" style=\"flex-basis:100%\">\n<div class=\"wp-block-columns is-layout-flex wp-container-core-columns-is-layout-1 wp-block-columns-is-layout-flex\">\n<div class=\"wp-block-column is-layout-flow wp-block-column-is-layout-flow\" style=\"flex-basis:100%\">\n<figure class=\"wp-block-table has-small-font-size\"><table><tbody><tr><td> Termin      <\/td><td><\/td><td>Veranstaltung<\/td><td>Ort<\/td><\/tr><tr><td> von<\/td><td>bis           .<\/td><td><\/td><td><\/td><\/tr><tr><td><\/td><td><\/td><td><\/td><td><\/td><\/tr><tr><td> 18.03.<\/td><td>19.03.<\/td><td>VolksWorld Show<\/td><td>Sandown Park, Esher, Surrey<\/td><\/tr><tr><td> 02.04.<\/td><td><\/td><td>Alles was brummt<\/td><td>Alsbach-H\u00e4hnlein<\/td><\/tr><tr><td> 01.05.<\/td><td><\/td><td>Maik\u00e4fertreffen<\/td><td>Hannover, <br>Messeparkplatz West<\/td><\/tr><tr><td> 05.05.<\/td><td>07.05.<\/td><td>KCN Regio Brabant, <br>Beetle at the beach<\/td><td>Camping Witven Strandbad, <br>Runstraat 40, <br>5504 PE Veldhoven<\/td><\/tr><tr><td> 05.05.<\/td><td>07.05.<\/td><td>Ferdinands Festival<\/td><td>Stausee Oberwald <br>und Sachsenring<br>Hohenstein-Ernstthal<\/td><\/tr><tr><td> 13.05.<\/td><td><\/td><td>Brazzeltag<\/td><td>Technikmuseum <br>Speyer<\/td><\/tr><tr><td> 13.05.<\/td><td>14.05.<\/td><td>33. Klassikertage<\/td><td>Hattersheim am Main<\/td><\/tr><tr><td> 14.05.<\/td><td><\/td><td>K\u00e4ferplage<\/td><td>Obernburg am Main<\/td><\/tr><tr><td> 14.05.<\/td><td><\/td><td>Oldtimertreffen rund um <br>den Dom<\/td><td>Kaiserstra\u00dfe 2,<br>Lampertheim<\/td><\/tr><tr><td> 18.05.<\/td><td>21.05.<\/td><td>K\u00e4fernarren Jagstfeld<\/td><td>Schwab&#8217;s Country Inn,<br>Gimpener Weg 4,<br>74906 Bad Rappenau<\/td><\/tr><tr><td> 19.05.<\/td><td>21.05.<\/td><td>Molsheim Cox Show<\/td><td>Molsheim, Frankreich<\/td><\/tr><tr><td> 20.05.<\/td><td>21.05.<\/td><td>Klassik am Hangar<\/td><td>Zum Flugplatz,<br>63679 Schotten-G\u00f6tzen<\/td><\/tr><tr><td> 21.05.<\/td><td><\/td><td>2. Oldtimertreffen<\/td><td>Gem\u00fcnden am Main<\/td><\/tr><tr><td> 26.05.<\/td><td>28.05.<\/td><td>13. VW Luftgek\u00fchlten-Treffen<\/td><td>Limeshain-Himbach<\/td><\/tr><tr><td> 26.05.<\/td><td>28.05.<\/td><td>Bugaloo 6<\/td><td>Tornaco, Italien, <br>Lago Dell&#8217;Olmo,<br>Via Guglielmo <br>Oberdan, <br>Novara <\/td><\/tr><tr><td> 26.05.<\/td><td>28.05.<\/td><td>IBW Internationales Buggy<br>Wochenende<\/td><td>Markthalle Rothenthurm,<br>Landstrasse 33,<br>5418 Rothenthurm, <br>Schweiz<\/td><\/tr><tr><td> 02.06.<\/td><td>04.06.<\/td><td>29. K\u00e4fertreffen D\u00f6beln<\/td><td>Kannheim Bischofswiese,<br>Bischofswiese 1,<br>04720 D\u00f6beln <br>OT Technitz<\/td><\/tr><tr><td> 09.06.<\/td><td>11.06.<\/td><td>30. K\u00e4fertreffen W\u00f6rth<\/td><td>W\u00f6rth an der Donau<\/td><\/tr><tr><td> 16.06.<\/td><td>18.06.<\/td><td>IKW Wanroij<\/td><td>Zoetendaal 10, <br>5446 PC Wanroij<\/td><\/tr><tr><td> 16.06.<\/td><td>18.06.<\/td><td>Gr\u00e6nsetr\u00e6f 2020  <br>Buggy Team Syd<\/td><td>Skovengen 22, T\u00f8rsb\u00f8l,<br>6300 Gr\u00e5sten, D\u00e4nemark<\/td><\/tr><tr><td> 23.06.<\/td><td>25.06.<\/td><td>Strandbad AGA<\/td><td>Recihenbacher Str. 14,<br>07554 Gera<\/td><\/tr><tr><td> 23.06.<\/td><td>25.06.<\/td><td>CARToons bei Freunden <br>zu Gast<\/td><td>Im Werk 23,<br>Glandorf<\/td><\/tr><tr><td> 01,07,<\/td><td><\/td><td>Vollgas Rennspa\u00df im Velodrom<\/td><td>Heidelberger Str. 150,<br>Darmstadt<\/td><\/tr><tr><td> 07.07.<\/td><td>09.07.<\/td><td>K\u00e4fertreffen Bernina Hospiz<\/td><td>Bernina Hospiz, <br>Via Dal Bernina 2371, <br>7710 Poschiavo, Svizzera<\/td><\/tr><tr><td> 14.07.<\/td><td>16.07.<\/td><td>K\u00e4fertreffen Mannheim<\/td><td>Gel\u00e4nde Technomuseum,<br>Mannheim<\/td><\/tr><tr><td> 21.07.<\/td><td>23.07.<\/td><td>K\u00e4ffertreffen M\u00fchlheim<\/td><td>Anton-Dey-Stra\u00dfe <br>(Am Sportzentrum),<br>63156 M\u00fchlheim\/Main<\/td><\/tr><tr><td> 28.07.<\/td><td>30.07.<\/td><td>32. Golden Oldies Wettenberg<\/td><td>Wettenberg bei Gie\u00dfen<\/td><\/tr><tr><td> 30.07.<\/td><td><\/td><td>Luftgek\u00fchltes Treffen <br>VW Buggy, K\u00e4fer, <br>Bulli, K\u00fcbel &amp; Co.<\/td><td>MO&#8217;s Bikertreff,<br>Kleineweferststrasse 160,<br>Krefeld<\/td><\/tr><tr><td> 11.08.<\/td><td>13.08.<\/td><td>Die Rh\u00f6n ruft<\/td><td>Sch\u00fctzenhaus Altdorf 10,<br>97633 H\u00f6chheim-<br>Gollmuthhausen<\/td><\/tr><tr><td> 12.08.<\/td><td>13.08.<\/td><td>27. Internationales <br>K\u00e4fertreffen<\/td><td>Lenglingen bei G\u00f6ppingen<\/td><\/tr><tr><td> 19.08.<\/td><td>20.08.<\/td><td>Le Bug Show 2023<\/td><td>Circuit de Spa, <br>Rte de Circuit 55, <br>4970 StavelotBelgien<\/td><\/tr><tr><td> 25.08.<\/td><td>27.08.<\/td><td>Buggyweekend im <br>Tessin<\/td><td>Camping Melezza, <br>Via Abrigo, <br>6616 Losone, Schweiz<\/td><\/tr><tr><td> 26.08.<\/td><td>27.08.<\/td><td>VW-K\u00e4fer &amp; Oldtimer-Treffen<\/td><td>Gasthof Sonne<br>Hauptstrasse 32, <br>A-6464 Tarrenz, Imst, <br>Austria<\/td><\/tr><tr><td> 01.09.<\/td><td>04.09.<\/td><td>Back to Texel<\/td><td>Insel Texel, Holland<\/td><\/tr><tr><td> 03.09.<\/td><td><\/td><td>Messel Motor Klassik<\/td><td>Ortskern Messel<\/td><\/tr><tr><td> 17.09.<\/td><td><\/td><td>Worms Classics<\/td><td>Festplatzgel\u00e4nde, <br>Nibelungenring 60, <br>Worms am Rhein<\/td><\/tr><tr><td><\/td><td><\/td><td><\/td><td><\/td><\/tr><tr><td>ab 09.04.<\/td><td><\/td><td>jeden 2 Sonntag im Monat<br>Oldtimertreffen<\/td><td>Parkplatz am <br>F\u00e4hrst\u00fcbchen <br>in Gernsheim<\/td><\/tr><tr><td>ab 31.03.<\/td><td><\/td><td>jeden Freitagabend<\/td><td>US Car und Oldtimertreffen<br>Am McDonalds, <br>Woogstr. 52,<br>Egelsbach<\/td><\/tr><\/tbody><\/table><\/figure>\n<\/div>\n<\/div>\n<\/div>\n<\/div>\n","protected":false},"excerpt":{"rendered":"<p>Termin Veranstaltung Ort von bis . 18.03. 19.03. VolksWorld Show Sandown Park, Esher, Surrey 02.04. Alles was brummt Alsbach-H\u00e4hnlein 01.05. Maik\u00e4fertreffen Hannover, Messeparkplatz West 05.05. 07.05. KCN Regio Brabant, Beetle at the beach Camping Witven Strandbad, Runstraat 40, 5504 PE Veldhoven 05.05. 07.05. Ferdinands Festival Stausee Oberwald und SachsenringHohenstein-Ernstthal 13.05. Brazzeltag Technikmuseum Speyer 13.05. 14.05. &hellip; <\/p>\n<p class=\"link-more\"><a href=\"https:\/\/kbcgg.de\/?p=213\" class=\"more-link\"><span class=\"screen-reader-text\">\u201eTreffen 2023\u201c<\/span> weiterlesen<\/a><\/p>\n","protected":false},"author":1,"featured_media":0,"comment_status":"open","ping_status":"open","sticky":false,"template":"","format":"standard","meta":{"footnotes":""},"categories":[1],"tags":[],"class_list":["post-213","post","type-post","status-publish","format-standard","hentry","category-uncategorized"],"_links":{"self":[{"href":"https:\/\/kbcgg.de\/index.php?rest_route=\/wp\/v2\/posts\/213","targetHints":{"allow":["GET"]}}],"collection":[{"href":"https:\/\/kbcgg.de\/index.php?rest_route=\/wp\/v2\/posts"}],"about":[{"href":"https:\/\/kbcgg.de\/index.php?rest_route=\/wp\/v2\/types\/post"}],"author":[{"embeddable":true,"href":"https:\/\/kbcgg.de\/index.php?rest_route=\/wp\/v2\/users\/1"}],"replies":[{"embeddable":true,"href":"https:\/\/kbcgg.de\/index.php?rest_route=%2Fwp%2Fv2%2Fcomments&post=213"}],"version-history":[{"count":17,"href":"https:\/\/kbcgg.de\/index.php?rest_route=\/wp\/v2\/posts\/213\/revisions"}],"predecessor-version":[{"id":230,"href":"https:\/\/kbcgg.de\/index.php?rest_route=\/wp\/v2\/posts\/213\/revisions\/230"}],"wp:attachment":[{"href":"https:\/\/kbcgg.de\/index.php?rest_route=%2Fwp%2Fv2%2Fmedia&parent=213"}],"wp:term":[{"taxonomy":"category","embeddable":true,"href":"https:\/\/kbcgg.de\/index.php?rest_route=%2Fwp%2Fv2%2Fcategories&post=213"},{"taxonomy":"post_tag","embeddable":true,"href":"https:\/\/kbcgg.de\/index.php?rest_route=%2Fwp%2Fv2%2Ftags&post=213"}],"curies":[{"name":"wp","href":"https:\/\/api.w.org\/{rel}","templated":true}]}}