{"id":91,"date":"2019-01-05T19:53:46","date_gmt":"2019-01-05T19:53:46","guid":{"rendered":"http:\/\/kbcgg.de\/?p=91"},"modified":"2019-03-27T07:53:17","modified_gmt":"2019-03-27T07:53:17","slug":"treffen-2019","status":"publish","type":"post","link":"https:\/\/kbcgg.de\/?p=91","title":{"rendered":"Treffen 2019"},"content":{"rendered":"<p>Alle Termine mit Links zu den Veranstaltern und weiteren Informationen unter <a href=\"http:\/\/kbcgg.de\/?page_id=73\">Veranstaltungen<\/a><\/p>\n<table width=\"381\">\n<tbody>\n<tr>\n<td width=\"80\">Termin<\/td>\n<td width=\"80\"><\/td>\n<td width=\"115\">Veranstaltung<\/td>\n<td width=\"106\">Ort<\/td>\n<\/tr>\n<tr>\n<td width=\"80\">von<\/td>\n<td width=\"80\">bis<\/td>\n<td width=\"115\"><\/td>\n<td width=\"106\"><\/td>\n<\/tr>\n<tr>\n<td width=\"80\"><\/td>\n<td width=\"80\"><\/td>\n<td width=\"115\"><\/td>\n<td width=\"106\"><\/td>\n<\/tr>\n<tr>\n<td width=\"80\">21.04.2019<\/td>\n<td width=\"80\"><\/td>\n<td width=\"115\">10. Luftgek\u00fchltes Treffen Main-Kinzig-Kreis<\/td>\n<td width=\"106\">Gro\u00df-Krotzenburg<\/td>\n<\/tr>\n<tr>\n<td width=\"80\">28.04.2019<\/td>\n<td width=\"80\"><\/td>\n<td width=\"115\">Pfungst\u00e4dter Oldtimertreffen<\/td>\n<td width=\"106\">Pfungstadt<\/td>\n<\/tr>\n<tr>\n<td width=\"80\">01.05.2019<\/td>\n<td width=\"80\"><\/td>\n<td width=\"115\">Maik\u00e4fertreffen<\/td>\n<td width=\"106\">Hannover<\/td>\n<\/tr>\n<tr>\n<td width=\"80\">03.05.2019<\/td>\n<td width=\"80\">05.05.2019<\/td>\n<td width=\"115\">K\u00e4fertreffen.ch<\/td>\n<td width=\"106\">Camping Aaregg, Brienz, Schweiz<\/td>\n<\/tr>\n<tr>\n<td width=\"80\">03.05.2019<\/td>\n<td width=\"80\">05.05.2019<\/td>\n<td width=\"115\">26. Chemnitzer K\u00e4fertreffen<\/td>\n<td width=\"106\">Callenberg<\/td>\n<\/tr>\n<tr>\n<td width=\"80\">03.05.2019<\/td>\n<td width=\"80\">05.05.2019<\/td>\n<td width=\"115\">Beetle at the beach<\/td>\n<td width=\"106\">Nuenen, Holland<\/td>\n<\/tr>\n<tr>\n<td width=\"80\">04.05.2019<\/td>\n<td width=\"80\">05.05.2019<\/td>\n<td width=\"115\">Oldtimerwochenende<\/td>\n<td width=\"106\">Fl\u00f6rsheim a.M.<\/td>\n<\/tr>\n<tr>\n<td width=\"80\">17.05.2019<\/td>\n<td width=\"80\">19.05.2019<\/td>\n<td width=\"115\">14\u00e8me Cox Show<\/td>\n<td width=\"106\">Molsheim, Frankreich<\/td>\n<\/tr>\n<tr>\n<td width=\"80\">18.05.2019<\/td>\n<td width=\"80\"><\/td>\n<td width=\"115\">Magdeburger Oldtimertag<\/td>\n<td width=\"106\">Magdeburg<\/td>\n<\/tr>\n<tr>\n<td width=\"80\">24.05.2019<\/td>\n<td width=\"80\">26.05.2019<\/td>\n<td width=\"115\">20 Aircoolded Show Geeste<\/td>\n<td width=\"106\">Geeste<\/td>\n<\/tr>\n<tr>\n<td width=\"80\">24.05.2019<\/td>\n<td width=\"80\">26.05.2019<\/td>\n<td width=\"115\">27. D\u00f6belner K\u00e4fertreffen<\/td>\n<td width=\"106\">D\u00f6beln<\/td>\n<\/tr>\n<tr>\n<td width=\"80\">25.05.2019<\/td>\n<td width=\"80\">26.05.2019<\/td>\n<td width=\"115\">Klassikertage Hattersheim<\/td>\n<td width=\"106\">Hattersheim am Main<\/td>\n<\/tr>\n<tr>\n<td width=\"80\">30.05.2019<\/td>\n<td width=\"80\">01.06.2019<\/td>\n<td width=\"115\">K\u00e4fertreffen der K\u00e4fernarren Jagstfeld<\/td>\n<td width=\"106\">Bad Rappenau<\/td>\n<\/tr>\n<tr>\n<td width=\"80\">07.06.2019<\/td>\n<td width=\"80\">09.06.2019<\/td>\n<td width=\"115\">19. VW K\u00e4fer &amp; Buggy Treffen<\/td>\n<td width=\"106\">Ottenschlag im M\u00fchlkreis, \u00d6sterreich<\/td>\n<\/tr>\n<tr>\n<td width=\"80\">07.06.2019<\/td>\n<td width=\"80\">10.06.2019<\/td>\n<td width=\"115\">IBW 2019 Holland<\/td>\n<td width=\"106\">Noordbroek, Norderstraat 21<\/td>\n<\/tr>\n<tr>\n<td width=\"80\">14.06.2019<\/td>\n<td width=\"80\">16.06.2019<\/td>\n<td width=\"115\">IKW Wanroij<\/td>\n<td width=\"106\">Wanroij, Holland<\/td>\n<\/tr>\n<tr>\n<td width=\"80\">14.06.2019<\/td>\n<td width=\"80\">16.06.2019<\/td>\n<td width=\"115\">11 Jahre BuggyTeam Syd<\/td>\n<td width=\"106\">Grasten, D\u00e4nemark<\/td>\n<\/tr>\n<tr>\n<td width=\"80\">16.06.2019<\/td>\n<td width=\"80\"><\/td>\n<td width=\"115\">Beerfelden Classics<\/td>\n<td width=\"106\">Beerfelden Oberzent<\/td>\n<\/tr>\n<tr>\n<td width=\"80\">21.06.2019<\/td>\n<td width=\"80\">23.06.2019<\/td>\n<td width=\"115\">29. K\u00e4fertreffen in W\u00f6rth a.d.D.<\/td>\n<td width=\"106\">W\u00f6rth a.d. Donau<\/td>\n<\/tr>\n<tr>\n<td width=\"80\">21.06.2019<\/td>\n<td width=\"80\">23.06.2019<\/td>\n<td width=\"115\">11. Internationales Bad Camberger VW-Veteranen-Treffen<\/td>\n<td width=\"106\">Bad Camberg<\/td>\n<\/tr>\n<tr>\n<td width=\"80\">30.06.2019<\/td>\n<td width=\"80\"><\/td>\n<td width=\"115\">Klassikertreffen an den Opelvillen<\/td>\n<td width=\"106\">R\u00fcsselsheim<\/td>\n<\/tr>\n<tr>\n<td width=\"80\">05.07.2019<\/td>\n<td width=\"80\">07.07.2019<\/td>\n<td width=\"115\">K\u00e4fer &amp; Co. Treffen<\/td>\n<td width=\"106\">Gro\u00dfenkneten\/ Huntlosen<\/td>\n<\/tr>\n<tr>\n<td width=\"80\">12.07.2019<\/td>\n<td width=\"80\">14.07.2019<\/td>\n<td width=\"115\">Buggy Treffen auf der Erpeler Ley<\/td>\n<td width=\"106\">Erpel<\/td>\n<\/tr>\n<tr>\n<td width=\"80\">12.07.2019<\/td>\n<td width=\"80\">14.07.2019<\/td>\n<td width=\"115\">4. Grossglockner VW-K\u00e4fer-Treffen<\/td>\n<td width=\"106\">Kals, \u00d6sterreich<\/td>\n<\/tr>\n<tr>\n<td width=\"80\">12.07.2019<\/td>\n<td width=\"80\">14.07.2019<\/td>\n<td width=\"115\">23. Volkswagentreffen<\/td>\n<td width=\"106\">Mannheim<\/td>\n<\/tr>\n<tr>\n<td width=\"80\">19.07.2019<\/td>\n<td width=\"80\">21.07.2019<\/td>\n<td width=\"115\">M\u00fchlheimer K\u00e4fer &amp; Oldtimertreffen<\/td>\n<td width=\"106\">M\u00fchlheim<\/td>\n<\/tr>\n<tr>\n<td width=\"80\">26.07.2019<\/td>\n<td width=\"80\">28.07.2019<\/td>\n<td width=\"115\">K\u00fcstendrive<\/td>\n<td width=\"106\">Elbinsel Krautsand<\/td>\n<\/tr>\n<tr>\n<td width=\"80\">02.08.2019<\/td>\n<td width=\"80\">04.08.2019<\/td>\n<td width=\"115\">Deichboxer Ostfriesland<\/td>\n<td width=\"106\">Berumerfehn<\/td>\n<\/tr>\n<tr>\n<td width=\"80\">10.08.2019<\/td>\n<td width=\"80\">11.08.2019<\/td>\n<td width=\"115\">Bug-Show<\/td>\n<td width=\"106\">Spa-Francorchamps<\/td>\n<\/tr>\n<tr>\n<td width=\"80\">10.08.2019<\/td>\n<td width=\"80\">11.08.2019<\/td>\n<td width=\"115\">26. Sommerfest, Int. K\u00e4fertreffen<\/td>\n<td width=\"106\">Lenglingen bei G\u00f6ppingen<\/td>\n<\/tr>\n<tr>\n<td width=\"80\">16.08.2019<\/td>\n<td width=\"80\">18.08.2019<\/td>\n<td width=\"115\">Friesl\u00e4nder Luftboxer Treffen 19<\/td>\n<td width=\"106\">Wilhelmshaven<\/td>\n<\/tr>\n<tr>\n<td width=\"80\">30.08.2019<\/td>\n<td width=\"80\">01.09.2019<\/td>\n<td width=\"115\">internationales VW K\u00e4fertreffen<\/td>\n<td width=\"106\">Ch\u00e2teau-D\u2019Oex, Schweiz<\/td>\n<\/tr>\n<tr>\n<td width=\"80\">06.09.2019<\/td>\n<td width=\"80\">08.09.2019<\/td>\n<td width=\"115\">\u00a0Buggytreffen Texel<\/td>\n<td width=\"106\">Texel, Holland<\/td>\n<\/tr>\n<tr>\n<td width=\"80\">14.09.2019<\/td>\n<td width=\"80\">15.09.2019<\/td>\n<td width=\"115\">dasdragday #17<\/td>\n<td width=\"106\">Bad Sobernheim<\/td>\n<\/tr>\n<tr>\n<td width=\"80\">11.10.2019<\/td>\n<td width=\"80\">13.10.2019<\/td>\n<td width=\"115\">21. Jochpass-Memorial<\/td>\n<td width=\"106\">Bad Hindelang<\/td>\n<\/tr>\n<\/tbody>\n<\/table>\n","protected":false},"excerpt":{"rendered":"<p>Alle Termine mit Links zu den Veranstaltern und weiteren Informationen unter Veranstaltungen Termin Veranstaltung Ort von bis 21.04.2019 10. Luftgek\u00fchltes Treffen Main-Kinzig-Kreis Gro\u00df-Krotzenburg 28.04.2019 Pfungst\u00e4dter Oldtimertreffen Pfungstadt 01.05.2019 Maik\u00e4fertreffen Hannover 03.05.2019 05.05.2019 K\u00e4fertreffen.ch Camping Aaregg, Brienz, Schweiz 03.05.2019 05.05.2019 26. Chemnitzer K\u00e4fertreffen Callenberg 03.05.2019 05.05.2019 Beetle at the beach Nuenen, Holland 04.05.2019 05.05.2019 Oldtimerwochenende Fl\u00f6rsheim &hellip; <\/p>\n<p class=\"link-more\"><a href=\"https:\/\/kbcgg.de\/?p=91\" class=\"more-link\"><span class=\"screen-reader-text\">\u201eTreffen 2019\u201c<\/span> weiterlesen<\/a><\/p>\n","protected":false},"author":1,"featured_media":0,"comment_status":"open","ping_status":"open","sticky":false,"template":"","format":"standard","meta":{"footnotes":""},"categories":[1],"tags":[],"class_list":["post-91","post","type-post","status-publish","format-standard","hentry","category-uncategorized"],"_links":{"self":[{"href":"https:\/\/kbcgg.de\/index.php?rest_route=\/wp\/v2\/posts\/91","targetHints":{"allow":["GET"]}}],"collection":[{"href":"https:\/\/kbcgg.de\/index.php?rest_route=\/wp\/v2\/posts"}],"about":[{"href":"https:\/\/kbcgg.de\/index.php?rest_route=\/wp\/v2\/types\/post"}],"author":[{"embeddable":true,"href":"https:\/\/kbcgg.de\/index.php?rest_route=\/wp\/v2\/users\/1"}],"replies":[{"embeddable":true,"href":"https:\/\/kbcgg.de\/index.php?rest_route=%2Fwp%2Fv2%2Fcomments&post=91"}],"version-history":[{"count":3,"href":"https:\/\/kbcgg.de\/index.php?rest_route=\/wp\/v2\/posts\/91\/revisions"}],"predecessor-version":[{"id":113,"href":"https:\/\/kbcgg.de\/index.php?rest_route=\/wp\/v2\/posts\/91\/revisions\/113"}],"wp:attachment":[{"href":"https:\/\/kbcgg.de\/index.php?rest_route=%2Fwp%2Fv2%2Fmedia&parent=91"}],"wp:term":[{"taxonomy":"category","embeddable":true,"href":"https:\/\/kbcgg.de\/index.php?rest_route=%2Fwp%2Fv2%2Fcategories&post=91"},{"taxonomy":"post_tag","embeddable":true,"href":"https:\/\/kbcgg.de\/index.php?rest_route=%2Fwp%2Fv2%2Ftags&post=91"}],"curies":[{"name":"wp","href":"https:\/\/api.w.org\/{rel}","templated":true}]}}